{"id":712,"date":"2025-12-02T15:05:17","date_gmt":"2025-12-02T14:05:17","guid":{"rendered":"https:\/\/www.mila-o.org\/?p=712"},"modified":"2026-02-11T11:03:23","modified_gmt":"2026-02-11T10:03:23","slug":"offnungszeiten-feiertage-2025","status":"publish","type":"post","link":"https:\/\/www.mila-o.org\/index.php\/2025\/12\/02\/offnungszeiten-feiertage-2025\/","title":{"rendered":"\u00d6ffnungszeiten um die Feiertagen 2025 herum"},"content":{"rendered":"\n<p>Liebe Kund*innen, Mitglieder und Interessierte, <\/p>\n\n\n\n<p>nachdem wir ja letztes Jahr durchgehenden Ladenbetrieb vor und nach Weihnachten hatten, liegen die Feiertage nun diesmal etwas anders und wir w\u00fcrden es dieses Jahr mal mit kurzen, konzentrierten \u00d6ffnungszeiten vor den Feiertage versuchen! Der Mila O. hat daher wie folgt ge\u00f6ffnet <\/p>\n\n\n\n<p><strong>Montag, 22. Dezember: 10.00 bis 18.00 Uhr<\/strong>, inkl. morgendlicher Lieferung frischer Ware &amp;<br><strong>Dienstag, 23. Dezember: 10.00 bis 18.00 Uhr<\/strong>. <\/p>\n\n\n\n<p><strong>Montag, 29. Dezember: 10.00 bis 18.00 Uhr<\/strong>, inkl. morgendlicher Lieferung frischer Ware &amp; <br><strong>Dienstag, 30. Dezember: 10.00 bis 18.00 Uhr<\/strong>. <\/p>\n\n\n\n<p>An allen <strong>restlichen Tagen bleibt der Mila O. dieses Jahr geschlossen.<\/strong> <\/p>\n\n\n\n<p class=\"has-large-font-size\"><strong>Schlie\u00dfzeit Kalenderwoche 1 <\/strong><\/p>\n\n\n\n<p>Wie letztes Jahr auch ben\u00f6tigen wir die Zeit Anfang des Jahres f\u00fcr eine Schlie\u00dfzeit, in der wir zwar vor Ort sind f\u00fcr Reparaturen, Umbauten und intensiver Reinigung, aber keinen Verkauf anbieten k\u00f6nnen. Der Ladenbetrieb beginnt erst am <strong>Donnerstag den 8. Januar um 10.00 Uhr<\/strong> wieder, mit frischer Ware! <\/p>\n","protected":false},"excerpt":{"rendered":"<p>Liebe Kund*innen, Mitglieder und Interessierte, nachdem wir ja letztes Jahr durchgehenden Ladenbetrieb vor und nach Weihnachten hatten, liegen die Feiertage nun diesmal etwas anders und wir w\u00fcrden es dieses Jahr mal mit kurzen, konzentrierten \u00d6ffnungszeiten vor den Feiertage versuchen! Der Mila O. hat daher wie folgt ge\u00f6ffnet Montag, 22. Dezember: 10.00 bis 18.00 Uhr, inkl. [&hellip;]<\/p>\n","protected":false},"author":1,"featured_media":363,"comment_status":"closed","ping_status":"open","sticky":false,"template":"","format":"standard","meta":{"footnotes":""},"categories":[29],"tags":[],"class_list":["post-712","post","type-post","status-publish","format-standard","has-post-thumbnail","hentry","category-neuigkeiten"],"_links":{"self":[{"href":"https:\/\/www.mila-o.org\/index.php\/wp-json\/wp\/v2\/posts\/712","targetHints":{"allow":["GET"]}}],"collection":[{"href":"https:\/\/www.mila-o.org\/index.php\/wp-json\/wp\/v2\/posts"}],"about":[{"href":"https:\/\/www.mila-o.org\/index.php\/wp-json\/wp\/v2\/types\/post"}],"author":[{"embeddable":true,"href":"https:\/\/www.mila-o.org\/index.php\/wp-json\/wp\/v2\/users\/1"}],"replies":[{"embeddable":true,"href":"https:\/\/www.mila-o.org\/index.php\/wp-json\/wp\/v2\/comments?post=712"}],"version-history":[{"count":1,"href":"https:\/\/www.mila-o.org\/index.php\/wp-json\/wp\/v2\/posts\/712\/revisions"}],"predecessor-version":[{"id":713,"href":"https:\/\/www.mila-o.org\/index.php\/wp-json\/wp\/v2\/posts\/712\/revisions\/713"}],"wp:featuredmedia":[{"embeddable":true,"href":"https:\/\/www.mila-o.org\/index.php\/wp-json\/wp\/v2\/media\/363"}],"wp:attachment":[{"href":"https:\/\/www.mila-o.org\/index.php\/wp-json\/wp\/v2\/media?parent=712"}],"wp:term":[{"taxonomy":"category","embeddable":true,"href":"https:\/\/www.mila-o.org\/index.php\/wp-json\/wp\/v2\/categories?post=712"},{"taxonomy":"post_tag","embeddable":true,"href":"https:\/\/www.mila-o.org\/index.php\/wp-json\/wp\/v2\/tags?post=712"}],"curies":[{"name":"wp","href":"https:\/\/api.w.org\/{rel}","templated":true}]}}