{"id":669,"date":"2025-08-26T10:35:25","date_gmt":"2025-08-26T08:35:25","guid":{"rendered":"https:\/\/www.mila-o.org\/?p=669"},"modified":"2025-08-26T10:53:59","modified_gmt":"2025-08-26T08:53:59","slug":"einladung-zum-jubilaeum","status":"publish","type":"post","link":"https:\/\/www.mila-o.org\/index.php\/2025\/08\/26\/einladung-zum-jubilaeum\/","title":{"rendered":"Einladung zum Jubil\u00e4um &#8211; 11\u00be Jahre Mila O."},"content":{"rendered":"\n<p>Liebe Kund*innen, Mitglieder und Interessierte! <\/p>\n\n\n\n<p>Der Mila O. feiert zum ersten Mal seit Bestehen ein Jubil\u00e4um! Am 14. September um 11.45 Uhr wollen wir mit Euch feiern! Wir haben unser 10-J\u00e4hriges Jubil\u00e4um knapp verpasst und holen dies an dieser Stelle nach, nach genau 11 3\/4 Jahren seit der Gewerbeanmeldung im Oktober 2013! <\/p>\n\n\n\n<p>Wir bespielen im Rahmen des Herbstmarktes vom 13. bis 14. September den Brauplatz, aber f\u00fcr den Sonntag den 14ten haben wir uns noch mehr einfallen lassen als die letzten Jahre: Es gibt ein Kuchenbuffet, eine Tombola wo ihr eigentlich nur gewinnen k\u00f6nnt, Kinderprogramm, Musik, Herzhaftes, Siebdruck, St\u00e4nde unserer Lieferant*innen, eine Ausstellung zu Kollektivbetrieben in Kassel sowie zur Geschichte des Mila O. und vieles mehr! <\/p>\n\n\n\n<p>Wir freuen uns schon sehr darauf die letzten elf und drei Viertel Jahre Mila O. mit euch zu zelebrieren. Unser Geburtstagsfest endet \u00fcbrigens p\u00fcnktlich um 16.45 Uhr! <\/p>\n\n\n\n<p>Bis dahin und sp\u00e4tsommerliche Gr\u00fc\u00dfe aus eurem Mila O. Kollektiv Enis*, Magdalena, Marius, Arne, Uli und Nina<\/p>\n\n\n\n<figure class=\"wp-block-image size-full\"><img loading=\"lazy\" decoding=\"async\" width=\"2896\" height=\"1944\" src=\"https:\/\/www.mila-o.org\/ftp:\/\/www.mila-o.org@ftp.jpberlin.de\/wp-content\/uploads\/2025\/06\/DSC_0075.jpg\" alt=\"\" class=\"wp-image-670\"\/><\/figure>\n","protected":false},"excerpt":{"rendered":"<p>Der Mila O. feiert zum ersten Mal seit Bestehen ein Jubil\u00e4um! Am 14. September um 11.45 Uhr wollen wir mit Euch feiern! Wir haben unser 10-J\u00e4hriges Jubil\u00e4um knapp verpasst und holen dies an dieser Stelle nach, nach genau 11 3\/4 Jahren <\/p>\n","protected":false},"author":1,"featured_media":697,"comment_status":"closed","ping_status":"open","sticky":false,"template":"","format":"standard","meta":{"footnotes":""},"categories":[29],"tags":[35],"class_list":["post-669","post","type-post","status-publish","format-standard","has-post-thumbnail","hentry","category-neuigkeiten","tag-kollektiv"],"_links":{"self":[{"href":"https:\/\/www.mila-o.org\/index.php\/wp-json\/wp\/v2\/posts\/669","targetHints":{"allow":["GET"]}}],"collection":[{"href":"https:\/\/www.mila-o.org\/index.php\/wp-json\/wp\/v2\/posts"}],"about":[{"href":"https:\/\/www.mila-o.org\/index.php\/wp-json\/wp\/v2\/types\/post"}],"author":[{"embeddable":true,"href":"https:\/\/www.mila-o.org\/index.php\/wp-json\/wp\/v2\/users\/1"}],"replies":[{"embeddable":true,"href":"https:\/\/www.mila-o.org\/index.php\/wp-json\/wp\/v2\/comments?post=669"}],"version-history":[{"count":6,"href":"https:\/\/www.mila-o.org\/index.php\/wp-json\/wp\/v2\/posts\/669\/revisions"}],"predecessor-version":[{"id":701,"href":"https:\/\/www.mila-o.org\/index.php\/wp-json\/wp\/v2\/posts\/669\/revisions\/701"}],"wp:featuredmedia":[{"embeddable":true,"href":"https:\/\/www.mila-o.org\/index.php\/wp-json\/wp\/v2\/media\/697"}],"wp:attachment":[{"href":"https:\/\/www.mila-o.org\/index.php\/wp-json\/wp\/v2\/media?parent=669"}],"wp:term":[{"taxonomy":"category","embeddable":true,"href":"https:\/\/www.mila-o.org\/index.php\/wp-json\/wp\/v2\/categories?post=669"},{"taxonomy":"post_tag","embeddable":true,"href":"https:\/\/www.mila-o.org\/index.php\/wp-json\/wp\/v2\/tags?post=669"}],"curies":[{"name":"wp","href":"https:\/\/api.w.org\/{rel}","templated":true}]}}