{"id":653,"date":"2025-07-18T09:06:05","date_gmt":"2025-07-18T07:06:05","guid":{"rendered":"https:\/\/www.mila-o.org\/?p=653"},"modified":"2025-07-18T09:06:05","modified_gmt":"2025-07-18T07:06:05","slug":"sommer-schliesszeit-im-juli-2025","status":"publish","type":"post","link":"https:\/\/www.mila-o.org\/index.php\/2025\/07\/18\/sommer-schliesszeit-im-juli-2025\/","title":{"rendered":"Sommer-Schlie\u00dfzeit im Juli 2025"},"content":{"rendered":"\n<p>Liebe Kund*innen, Mitglieder und Interessierte, <\/p>\n\n\n\n<p><strong>Der Mila O. wird vom 21. Juli bis einschlie\u00dflich 26. Juli geschlossen sein, erster \u00d6ffnungstag ist Dienstag, 29. Juli! <\/strong><\/p>\n\n\n\n<p>Wie die letzten Jahre auch machen wir eine kleine Schlie\u00dfzeit im Sommer, da sowohl viele von uns auch als viele von euch verreist sein werden! Au\u00dferdem ben\u00f6tigen wir hin und wieder eine Schlie\u00dfzeit, um sich anstauende Putz-, Reparatur-, Umr\u00e4um- und Aufh\u00fcbschungs-Arbeiten durchf\u00fchren zu k\u00f6nnen! Wir werden u.a. unsere Gefriertruhen abtauen, die K\u00fchlzelle reinigen und unser Getr\u00e4nkeregal im Lager neu strukturieren.<\/p>\n\n\n\n<p>Bis bald! Wir freuen uns, euch wieder ab Dienstag, 29.7. begr\u00fc\u00dfen zu d\u00fcrfen!<\/p>\n\n\n\n<p>Euer Mila O. Kollektiv<\/p>\n\n\n\n<p><\/p>\n\n\n\n<p><\/p>\n","protected":false},"excerpt":{"rendered":"<p>Liebe Kund*innen, Mitglieder und Interessierte, Der Mila O. wird vom 21. Juli bis einschlie\u00dflich 26. Juli geschlossen sein, erster \u00d6ffnungstag ist Dienstag, 29. Juli! Wie die letzten Jahre auch machen wir eine kleine Schlie\u00dfzeit im Sommer, da sowohl viele von uns auch als viele von euch verreist sein werden! Au\u00dferdem ben\u00f6tigen wir hin und wieder [&hellip;]<\/p>\n","protected":false},"author":1,"featured_media":588,"comment_status":"closed","ping_status":"open","sticky":false,"template":"","format":"standard","meta":{"footnotes":""},"categories":[29],"tags":[37,38],"class_list":["post-653","post","type-post","status-publish","format-standard","has-post-thumbnail","hentry","category-neuigkeiten","tag-oeffnungszeiten","tag-schliesszeiten"],"_links":{"self":[{"href":"https:\/\/www.mila-o.org\/index.php\/wp-json\/wp\/v2\/posts\/653","targetHints":{"allow":["GET"]}}],"collection":[{"href":"https:\/\/www.mila-o.org\/index.php\/wp-json\/wp\/v2\/posts"}],"about":[{"href":"https:\/\/www.mila-o.org\/index.php\/wp-json\/wp\/v2\/types\/post"}],"author":[{"embeddable":true,"href":"https:\/\/www.mila-o.org\/index.php\/wp-json\/wp\/v2\/users\/1"}],"replies":[{"embeddable":true,"href":"https:\/\/www.mila-o.org\/index.php\/wp-json\/wp\/v2\/comments?post=653"}],"version-history":[{"count":5,"href":"https:\/\/www.mila-o.org\/index.php\/wp-json\/wp\/v2\/posts\/653\/revisions"}],"predecessor-version":[{"id":684,"href":"https:\/\/www.mila-o.org\/index.php\/wp-json\/wp\/v2\/posts\/653\/revisions\/684"}],"wp:featuredmedia":[{"embeddable":true,"href":"https:\/\/www.mila-o.org\/index.php\/wp-json\/wp\/v2\/media\/588"}],"wp:attachment":[{"href":"https:\/\/www.mila-o.org\/index.php\/wp-json\/wp\/v2\/media?parent=653"}],"wp:term":[{"taxonomy":"category","embeddable":true,"href":"https:\/\/www.mila-o.org\/index.php\/wp-json\/wp\/v2\/categories?post=653"},{"taxonomy":"post_tag","embeddable":true,"href":"https:\/\/www.mila-o.org\/index.php\/wp-json\/wp\/v2\/tags?post=653"}],"curies":[{"name":"wp","href":"https:\/\/api.w.org\/{rel}","templated":true}]}}