{"id":276,"date":"2023-07-18T18:46:35","date_gmt":"2023-07-18T16:46:35","guid":{"rendered":"https:\/\/kunden.jpberlin.de\/mila-o\/www.mila-o.org\/index.php\/2023\/07\/18\/qui-blanditiis-praesentaiusm-voluptatum-deleniti-atque-11\/"},"modified":"2025-05-04T15:14:30","modified_gmt":"2025-05-04T13:14:30","slug":"neueoeffnungszeiten","status":"publish","type":"post","link":"https:\/\/www.mila-o.org\/index.php\/2023\/07\/18\/neueoeffnungszeiten\/","title":{"rendered":"Neue \u00d6ffnungszeiten ab 9. September 2023"},"content":{"rendered":"\n<p class=\"has-background\" style=\"background-color:#9b51e014\">Wir freuen uns, euch mitteilen zu k\u00f6nnen, dass wir ab dem 9. September samstags wieder l\u00e4nger ge\u00f6ffnet haben! K\u00fcnftig \u00f6ffnen wir den Laden bereits um 9 Uhr, damit ihr frische Br\u00f6tchen f\u00fcrs Fr\u00fchst\u00fcck habt, und schlie\u00dfen erst um 15 Uhr, damit genug Zeit bleibt, euch f\u00fcrs Wochenende einzudecken oder noch auf Kaffee und Kuchen vorbeizuschauen! <\/p>\n\n\n\n<p class=\"has-background\" style=\"background-color:#9b51e014\">Wir mussten die \u00d6ffnungszeiten reduzieren, weil wir nicht mehr genug Mitarbeitende sowohl innerhalb als auch au\u00dferhalb des Kollektivs hatten. Das hat sich zum Gl\u00fcck ge\u00e4ndert! Unser Kollektiv w\u00e4chst wieder und wir haben viel Unterst\u00fctzung von Aushilfen bekommen, sodass wir diese Ma\u00dfnahme wieder beenden k\u00f6nnen.&nbsp;<\/p>\n\n\n\n<p class=\"has-background\" style=\"background-color:#9b51e014\">Also gerne weiterverbreiten und vorbeikommen!<\/p>\n\n\n\n<figure class=\"wp-block-image size-full\"><img loading=\"lazy\" decoding=\"async\" width=\"2896\" height=\"1944\" src=\"https:\/\/www.mila-o.org\/ftp:\/\/www.mila-o.org@ftp.jpberlin.de\/wp-content\/uploads\/2023\/08\/laden-aussen-03-2.jpg\" alt=\"\" class=\"wp-image-588\"\/><\/figure>\n\n\n\n<p><\/p>\n","protected":false},"excerpt":{"rendered":"<p>Wir freuen uns, euch mitteilen zu k\u00f6nnen, dass wir ab dem 9. September samstags wieder l\u00e4nger ge\u00f6ffnet haben! K\u00fcnftig \u00f6ffnen wir den Laden bereits um 9 Uhr, damit ihr frische Br\u00f6tchen f\u00fcrs Fr\u00fchst\u00fcck habt, und schlie\u00dfen erst um 15 Uhr, damit genug Zeit bleibt, euch f\u00fcrs Wochenende einzudecken oder noch auf Kaffee und Kuchen vorbeizuschauen! [&hellip;]<\/p>\n","protected":false},"author":1,"featured_media":478,"comment_status":"closed","ping_status":"open","sticky":false,"template":"","format":"standard","meta":{"footnotes":""},"categories":[29],"tags":[30,32],"class_list":["post-276","post","type-post","status-publish","format-standard","has-post-thumbnail","hentry","category-neuigkeiten","tag-oeffentlichkeit","tag-oeffnunsgzeiten"],"_links":{"self":[{"href":"https:\/\/www.mila-o.org\/index.php\/wp-json\/wp\/v2\/posts\/276","targetHints":{"allow":["GET"]}}],"collection":[{"href":"https:\/\/www.mila-o.org\/index.php\/wp-json\/wp\/v2\/posts"}],"about":[{"href":"https:\/\/www.mila-o.org\/index.php\/wp-json\/wp\/v2\/types\/post"}],"author":[{"embeddable":true,"href":"https:\/\/www.mila-o.org\/index.php\/wp-json\/wp\/v2\/users\/1"}],"replies":[{"embeddable":true,"href":"https:\/\/www.mila-o.org\/index.php\/wp-json\/wp\/v2\/comments?post=276"}],"version-history":[{"count":5,"href":"https:\/\/www.mila-o.org\/index.php\/wp-json\/wp\/v2\/posts\/276\/revisions"}],"predecessor-version":[{"id":657,"href":"https:\/\/www.mila-o.org\/index.php\/wp-json\/wp\/v2\/posts\/276\/revisions\/657"}],"wp:featuredmedia":[{"embeddable":true,"href":"https:\/\/www.mila-o.org\/index.php\/wp-json\/wp\/v2\/media\/478"}],"wp:attachment":[{"href":"https:\/\/www.mila-o.org\/index.php\/wp-json\/wp\/v2\/media?parent=276"}],"wp:term":[{"taxonomy":"category","embeddable":true,"href":"https:\/\/www.mila-o.org\/index.php\/wp-json\/wp\/v2\/categories?post=276"},{"taxonomy":"post_tag","embeddable":true,"href":"https:\/\/www.mila-o.org\/index.php\/wp-json\/wp\/v2\/tags?post=276"}],"curies":[{"name":"wp","href":"https:\/\/api.w.org\/{rel}","templated":true}]}}