{"id":274,"date":"2023-07-17T18:46:35","date_gmt":"2023-07-17T16:46:35","guid":{"rendered":"https:\/\/kunden.jpberlin.de\/mila-o\/www.mila-o.org\/index.php\/2023\/07\/18\/qui-blanditiis-praesentaiusm-voluptatum-deleniti-atque-10\/"},"modified":"2023-08-15T19:25:34","modified_gmt":"2023-08-15T17:25:34","slug":"herausforderungen","status":"publish","type":"post","link":"https:\/\/www.mila-o.org\/index.php\/2023\/07\/17\/herausforderungen\/","title":{"rendered":"Neuigkeiten und Herausforderungen"},"content":{"rendered":"\n<p class=\"has-background\" style=\"background-color:#9fff2129\">Viele von euch haben es ja mitbekommen: Gleich drei Menschen haben das Mila O.-Kollektiv in den letzten Monaten verlassen. Damit blieben nur noch drei Menschen \u00fcbrig, die die Verantwortung trugen. Die Zukunft des Mila O. stand auf der Kippe. Denn zu dritt wollen und k\u00f6nnen wir den Laden nicht kollektiv gestalten. <\/p>\n\n\n\n<p class=\"has-background\" style=\"background-color:#9fff2129\">Wir mussten uns au\u00dferdem mit den Dynamiken auseinandersetzen, die dazu gef\u00fchrt haben, dass wir als Kollektiv schrumpften und nur noch M\u00e4nner \u00fcbrig blieben. Des Weiteren mussten wir viele Aushilfen einstellen und bezahlen &#8211; und das genau in der Zeit der Umstrukturierung von einer GbR in einen Verein, die einige Kosten verursachte. <\/p>\n\n\n\n<p class=\"has-background\" style=\"background-color:#9fff2129\">Nun haben wir eine neue Person in Probezeit und eine weitere, die sich f\u00fcr das Kollektiv interessiert! Aber wir k\u00e4mpfen weiterhin mit Herausforderungen und die Zukunft des Mila O. bleibt ungewiss: Die Mitgliederentwicklung ist momentan r\u00fcckl\u00e4ufig, und die Lohnkosten \u00fcbersteigen die Einnahmen aus den Monatsbeitr\u00e4gen. Das bedeutet, dass wir mehr und mehr in Abh\u00e4ngigkeit vom Umsatz geraten. Und das w\u00e4hrend auch die Betriebskosten, vor allem der Strompreis, gestiegen sind. <\/p>\n\n\n\n<p class=\"has-background\" style=\"background-color:#9fff2129\">Wir brauchen daher dringend mehr Mitglieder. Wenn ihr noch Menschen kennt, f\u00fcr die eine Mitgliedschaft interessant w\u00e4re, erz\u00e4hlt ihnen doch mal von uns!<br>Momentan haben wir 366 Mitglieder. Damit die Lohnkosten gedeckt sind, m\u00fcssten es 450 Mitglieder sein.  <a href=\"https:\/\/kunden.jpberlin.de\/mila-o\/www.mila-o.org\/index.php\/deine-mitgliedschaft-bei-uns\/\" data-type=\"page\" data-id=\"351\">Hier findet ihr den aktuellen Mitgliedsantrag<\/a>. <\/p>\n","protected":false},"excerpt":{"rendered":"<p>Viele von euch haben es ja mitbekommen: Gleich drei Menschen haben das Mila O.-Kollektiv in den letzten Monaten verlassen. Damit blieben nur noch drei Menschen \u00fcbrig, die die Verantwortung trugen. Die Zukunft des Mila O. stand auf der Kippe. Denn zu dritt wollen und k\u00f6nnen wir den Laden nicht kollektiv gestalten. Wir mussten uns au\u00dferdem [&hellip;]<\/p>\n","protected":false},"author":1,"featured_media":502,"comment_status":"closed","ping_status":"open","sticky":false,"template":"","format":"standard","meta":{"footnotes":""},"categories":[29],"tags":[33,35,34],"class_list":["post-274","post","type-post","status-publish","format-standard","has-post-thumbnail","hentry","category-neuigkeiten","tag-finanzen","tag-kollektiv","tag-team"],"_links":{"self":[{"href":"https:\/\/www.mila-o.org\/index.php\/wp-json\/wp\/v2\/posts\/274","targetHints":{"allow":["GET"]}}],"collection":[{"href":"https:\/\/www.mila-o.org\/index.php\/wp-json\/wp\/v2\/posts"}],"about":[{"href":"https:\/\/www.mila-o.org\/index.php\/wp-json\/wp\/v2\/types\/post"}],"author":[{"embeddable":true,"href":"https:\/\/www.mila-o.org\/index.php\/wp-json\/wp\/v2\/users\/1"}],"replies":[{"embeddable":true,"href":"https:\/\/www.mila-o.org\/index.php\/wp-json\/wp\/v2\/comments?post=274"}],"version-history":[{"count":5,"href":"https:\/\/www.mila-o.org\/index.php\/wp-json\/wp\/v2\/posts\/274\/revisions"}],"predecessor-version":[{"id":535,"href":"https:\/\/www.mila-o.org\/index.php\/wp-json\/wp\/v2\/posts\/274\/revisions\/535"}],"wp:featuredmedia":[{"embeddable":true,"href":"https:\/\/www.mila-o.org\/index.php\/wp-json\/wp\/v2\/media\/502"}],"wp:attachment":[{"href":"https:\/\/www.mila-o.org\/index.php\/wp-json\/wp\/v2\/media?parent=274"}],"wp:term":[{"taxonomy":"category","embeddable":true,"href":"https:\/\/www.mila-o.org\/index.php\/wp-json\/wp\/v2\/categories?post=274"},{"taxonomy":"post_tag","embeddable":true,"href":"https:\/\/www.mila-o.org\/index.php\/wp-json\/wp\/v2\/tags?post=274"}],"curies":[{"name":"wp","href":"https:\/\/api.w.org\/{rel}","templated":true}]}}